{"id":55,"date":"2010-02-15T14:16:41","date_gmt":"2010-02-15T12:16:41","guid":{"rendered":"http:\/\/richnovszky.com\/?p=55"},"modified":"2020-05-22T15:39:42","modified_gmt":"2020-05-22T14:39:42","slug":"a-tigris-eve-2010","status":"publish","type":"post","link":"http:\/\/richnovszky.com\/?p=55","title":{"rendered":"K\u00ednai \u00daj\u00e9v"},"content":{"rendered":"<p><img loading=\"lazy\" decoding=\"async\" class=\"size-full wp-image-63 alignnone\" title=\"A Tigris \u00e9ve: 2010\" src=\"https:\/\/richnovszky.com\/wp-content\/uploads\/2010\/02\/2010_The_year_of_the_Tiger_by_sarahfe.jpg\" alt=\"A Tigris \u00e9ve: 2010\" width=\"168\" height=\"247\" srcset=\"http:\/\/richnovszky.com\/wp-content\/uploads\/2010\/02\/2010_The_year_of_the_Tiger_by_sarahfe.jpg 300w, http:\/\/richnovszky.com\/wp-content\/uploads\/2010\/02\/2010_The_year_of_the_Tiger_by_sarahfe-204x300.jpg 204w\" sizes=\"auto, (max-width: 168px) 100vw, 168px\" \/><\/p>\n<p>A holdnapt\u00e1r szerinti  \u00faj\u00e9v a t\u00e9rs\u00e9gben \u00e9l\u0151 k\u00ednaiak sz\u00e1m\u00e1ra az egyik legfontosabb \u00fcnnep. Az idei esztend\u0151 az\u00e9rt is k\u00fcl\u00f6nleges, mivel ez a tigris \u00e9v\u00e9be l\u00e9pt\u00fcnk  \u00e9s ennek \u00a0k\u00fcl\u00f6nleges jelent\u0151s\u00e9get tulajdon\u00edtanak. A vil\u00e1g t\u00f6bbi r\u00e9sz\u00e9t\u0151l elt\u00e9r\u0151en a K\u00ednaiak, ak\u00e1r orsz\u00e1gonk\u00e9nt is elt\u00e9r\u0151en \u00fcnneplik meg az \u00faj esztend\u0151t.<br \/>\n<!--more--><\/p>\n<p>Ami tal\u00e1n k\u00f6z\u00f6s, hogy nagyon alapos el\u0151k\u00e9sz\u00fcletek el\u0151zik meg a jeles napot, \u00e9s ezt k\u00f6vet\u0151en is m\u00e9g hetekig tart a &#8222;fiesta&#8221;.  A k\u00f6vetkez\u0151 r\u00f6vid bej\u00e1tsz\u00e1sok az \u00d3 esztend\u0151 utols\u00f3 napjaiban k\u00e9sz\u00fcltek, \u00e9s egy kis hangulati k\u00f6rk\u00e9pet fest az \u00fcnnep helyi jelent\u0151s\u00e9g\u00e9r\u0151l, arr\u00f3l, hogy az \u00c9szak-johori k\u00ednai k\u00f6z\u00f6ss\u00e9gek mik\u00e9nt k\u00e9sz\u00fclnek ez \u00fcnnepre \u00e9s ennek melyek az imm\u00e1r klasszikuss\u00e1 v\u00e1lt; &#8222;k\u00f6telez\u0151 kell\u00e9kei&#8221;<\/p>\n<p>A k\u00f6vetkez\u0151kben az \u00fcnnep t\u00e1rgyiasult kell\u00e9kein t\u00fal, &#8211; csak fel\u00fcletesen \u00e9s lehet, hogy helyenk\u00e9nt pontatlanul, de megpr\u00f3b\u00e1lom megvil\u00e1g\u00edtani azt az eszmeis\u00e9get ami az \u00daj\u00e9vet \u00f6vezi.<\/p>\n<p>A h\u0151s\u00e9g itt m\u00e1r majd a k\u00f6vetkez\u0151kben l\u00e1tszik is sokat kivett bel\u0151lem &#8211; nagyon felel\u0151tlen m\u00f3don sapka n\u00e9lk\u00fcl, mint Attenborough, z\u00e1rom le az \u00fcnnep t\u00e9mak\u00f6r\u00e9t \u00e9s am\u00edg \u00e9ppen nemkapok napsz\u00far\u00e1st vonulok \u00e1rny\u00e9kba.<\/p>\n<p>\u00c9jf\u00e9l ut\u00e1n hagyom\u00e1nyosan t\u0171zij\u00e1t\u00e9kkal \u00e1s hajnalig tart\u00f3 \u00fcnnepl\u00e9ssel z\u00e1rul \u00a0a program, azonban az eztk\u00f6vet\u0151 napokban a csal\u00e1dtagok bar\u00e1tok megl\u00e1togatj\u00e1k egym\u00e1st, \u00e9s trad\u00edcion\u00e1lisan piros csomagol\u00e1sban 4 darab narancsot visznek egym\u00e1snak aj\u00e1nd\u00e9kba (ami szerintem mandarin). Itt azt\u00e1n hagyom\u00e1nyos k\u00ednai s\u00f3s- \u00e9s \u00e9des apr\u00f3s\u00fctem\u00e9nyekkel k\u00edn\u00e1lj\u00e1k meg a vend\u00e9get. Az \u00fcnnepl\u00e9st k\u00f6vet\u0151en \u00e1ltal\u00e1ban mindenki kiveszi a rendes \u00faj\u00e9vi szabads\u00e1got, \u00e9s a boltok a hivatalos 2 napos \u00e1llam\u00fcnnep ut\u00e1n sem mindig nyitnak ki az adott h\u00e9t folyam\u00e1n.<\/p>\n","protected":false},"excerpt":{"rendered":"<p>A holdnapt\u00e1r szerinti \u00faj\u00e9v a t\u00e9rs\u00e9gben \u00e9l\u0151 k\u00ednaiak sz\u00e1m\u00e1ra az egyik legfontosabb \u00fcnnep. Az idei esztend\u0151 az\u00e9rt is k\u00fcl\u00f6nleges, mivel ez a tigris \u00e9v\u00e9be l\u00e9pt\u00fcnk \u00e9s ennek \u00a0k\u00fcl\u00f6nleges jelent\u0151s\u00e9get tulajdon\u00edtanak. A vil\u00e1g t\u00f6bbi r\u00e9sz\u00e9t\u0151l elt\u00e9r\u0151en a K\u00ednaiak, ak\u00e1r orsz\u00e1gonk\u00e9nt is elt\u00e9r\u0151en \u00fcnneplik meg az \u00faj esztend\u0151t.<\/p>\n","protected":false},"author":6,"featured_media":0,"comment_status":"closed","ping_status":"closed","sticky":false,"template":"","format":"standard","meta":{"footnotes":""},"categories":[3679],"tags":[3681,3680,3672,3682],"class_list":["post-55","post","type-post","status-publish","format-standard","hentry","category-kultura","tag-johor","tag-kinai-ujev","tag-malajzia","tag-muar"],"_links":{"self":[{"href":"http:\/\/richnovszky.com\/index.php?rest_route=\/wp\/v2\/posts\/55","targetHints":{"allow":["GET"]}}],"collection":[{"href":"http:\/\/richnovszky.com\/index.php?rest_route=\/wp\/v2\/posts"}],"about":[{"href":"http:\/\/richnovszky.com\/index.php?rest_route=\/wp\/v2\/types\/post"}],"author":[{"embeddable":true,"href":"http:\/\/richnovszky.com\/index.php?rest_route=\/wp\/v2\/users\/6"}],"replies":[{"embeddable":true,"href":"http:\/\/richnovszky.com\/index.php?rest_route=%2Fwp%2Fv2%2Fcomments&post=55"}],"version-history":[{"count":0,"href":"http:\/\/richnovszky.com\/index.php?rest_route=\/wp\/v2\/posts\/55\/revisions"}],"wp:attachment":[{"href":"http:\/\/richnovszky.com\/index.php?rest_route=%2Fwp%2Fv2%2Fmedia&parent=55"}],"wp:term":[{"taxonomy":"category","embeddable":true,"href":"http:\/\/richnovszky.com\/index.php?rest_route=%2Fwp%2Fv2%2Fcategories&post=55"},{"taxonomy":"post_tag","embeddable":true,"href":"http:\/\/richnovszky.com\/index.php?rest_route=%2Fwp%2Fv2%2Ftags&post=55"}],"curies":[{"name":"wp","href":"https:\/\/api.w.org\/{rel}","templated":true}]}}